{"id":12311,"date":"2016-03-06T20:45:47","date_gmt":"2016-03-06T20:45:47","guid":{"rendered":"http:\/\/local.archtech.com\/?p=12311"},"modified":"2021-09-22T14:44:13","modified_gmt":"2021-09-22T14:44:13","slug":"jose","status":"publish","type":"post","link":"https:\/\/archtechmallorca.com\/es\/2016\/03\/06\/jose\/","title":{"rendered":"Bienvenidos a las ruinas del a\u00f1o 3000"},"content":{"rendered":"<p>Hace 30 a\u00f1os el futuro sobrevino de repente, sin internet y sin m\u00f3viles, &#8216;s\u00f3lo&#8217; laberintos, pir\u00e1mides, decibelios y una torre en espiral con ca\u00f1ones l\u00e1ser &#8211; El 24 de julio de 1986 la macrodiscoteca Dhraa abr\u00eda sus puertas.<\/p>\n<p>Si eres uno de los pocos que no saben qu\u00e9 es, seguramente naciste despu\u00e9s de las Olimpiadas del \u201992 o muy lejos de Mallorca\u2026<\/p>\n<p>El DHRAA fue una discoteca al aire libre referente en Espa\u00f1a a finales de los a\u00f1os \u201980. Para ser exactos, este complejo socio-cultural recreativo abri\u00f3 sus puertas el jueves 24 de julio de 1986, y a su inauguraci\u00f3n acudieron m\u00e1s de 10.000 personas.<\/p>\n<p><img decoding=\"async\" class=\"alignnone size-full wp-image-13648\" src=\"https:\/\/archtechmallorca.com\/wp-content\/uploads\/2016\/03\/Captura-de-pantalla-2016-05-11-a-las-19.22.18.png\" alt=\"Captura de pantalla 2016-05-11 a las 19.22.18\" width=\"396\" height=\"266\" srcset=\"https:\/\/archtechmallorca.com\/wp-content\/uploads\/2016\/03\/Captura-de-pantalla-2016-05-11-a-las-19.22.18-300x202.png 300w, https:\/\/archtechmallorca.com\/wp-content\/uploads\/2016\/03\/Captura-de-pantalla-2016-05-11-a-las-19.22.18.png 396w\" sizes=\"(max-width: 396px) 100vw, 396px\" \/><\/p>\n<p>El proyecto fue obra del arquitecto madrile\u00f1o Jos\u00e9 \u00c1ngel Su\u00e1rez Gonz\u00e1lez-Mayo y en la realizaci\u00f3n del mismo colaboraron artistas como Miquel Barcel\u00f3, Javier Mariscal, Guillermo P\u00e9rez Villalta, Fernando Osinaga, Jos\u00e9 Maldonado, Rosa Mar\u00eda Gimeno y Rafael Zapatero.<\/p>\n<p><img decoding=\"async\" class=\"alignnone size-full wp-image-13651\" src=\"https:\/\/archtechmallorca.com\/wp-content\/uploads\/2016\/03\/Captura-de-pantalla-2016-05-11-a-las-19.22.42.png\" alt=\"Captura de pantalla 2016-05-11 a las 19.22.42\" width=\"516\" height=\"514\" srcset=\"https:\/\/archtechmallorca.com\/wp-content\/uploads\/2016\/03\/Captura-de-pantalla-2016-05-11-a-las-19.22.42-66x66.png 66w, https:\/\/archtechmallorca.com\/wp-content\/uploads\/2016\/03\/Captura-de-pantalla-2016-05-11-a-las-19.22.42-150x150.png 150w, https:\/\/archtechmallorca.com\/wp-content\/uploads\/2016\/03\/Captura-de-pantalla-2016-05-11-a-las-19.22.42-300x300.png 300w, https:\/\/archtechmallorca.com\/wp-content\/uploads\/2016\/03\/Captura-de-pantalla-2016-05-11-a-las-19.22.42.png 516w\" sizes=\"(max-width: 516px) 100vw, 516px\" \/><\/p>\n<p>As\u00ed escribi\u00f3 el periodista Santiago Castelo en la edici\u00f3n de ABC de 22 de julio del 1986 para anunciar la pr\u00f3xima inauguraci\u00f3n del DHRAA: La nueva ciudad de noche impresiona por su modernismo y vanguardia. Los arquitectos han sido Andr\u00e9s Bennassar y Gabriel Allende, a las \u00f3rdenes de Jos\u00e9 \u00c1ngel Su\u00e1rez y definen el complejo \u201clas ruinas del a\u00f1o tres mil\u201d. Para darle m\u00e1s realismo a esto, una parte de la discoteca simula un derrumbamiento. \u201cAqu\u00ed se acaba el presente\u201d, recitan los anuncios. Hay una torre con una escalera de caracol, una pir\u00e1mide en cuyos escalones cubiertos de cojines descansar\u00e1n los ajetreados mel\u00f3manos, dos rayos l\u00e1ser que tanto divierten a algunos noct\u00e1mbulos, un laberinto para el que quiera perderse, una pista \u201copen air\u201d, un escenario con seis mil vatios de potencia y unos sofisticad\u00edsimos lavabos con m\u00fasica, incensarios y obras de arte en el techo. Entre los organizadores de las fiestas se encuentran Federica Ongaro y Ramiro Jofre, que se traen de diskjokey a Gerardo Queiruga, la \u201ccreme de la creme\u201d de la movida nocturna actual.<\/p>\n<p><img decoding=\"async\" class=\"alignnone size-full wp-image-13654\" src=\"https:\/\/archtechmallorca.com\/wp-content\/uploads\/2016\/03\/Captura-de-pantalla-2016-05-11-a-las-19.21.35.png\" alt=\"Captura de pantalla 2016-05-11 a las 19.21.35\" width=\"547\" height=\"796\" srcset=\"https:\/\/archtechmallorca.com\/wp-content\/uploads\/2016\/03\/Captura-de-pantalla-2016-05-11-a-las-19.21.35-206x300.png 206w, https:\/\/archtechmallorca.com\/wp-content\/uploads\/2016\/03\/Captura-de-pantalla-2016-05-11-a-las-19.21.35.png 547w\" sizes=\"(max-width: 547px) 100vw, 547px\" \/><\/p>\n<p>Seg\u00fan los recuerdos de los que estuvieron, el DHRAA era otra manera de vivir, de sentir la noche: gogos y bailarinas, malabaristas, faquires, trapecistas, fuegos artificiales y sobre todo buena m\u00fasica, dentro de lo que denominar\u00edamos hoy en d\u00eda un ambiente fashion, en el que incluso cuando apretaba el calor te pod\u00edas dar un chapuz\u00f3n en su piscina. Hab\u00eda dos potentes rayos laser que apuntaban al cielo, una pantalla de v\u00eddeo de 12m\u00b2 que proyectaba im\u00e1genes hacia la pista de baile de 600m\u00b2, una instalaci\u00f3n de luces de 15.000vatios, 4 barras fijas y 2 m\u00f3biles&#8230;<\/p>\n<p><img decoding=\"async\" class=\"alignnone size-full wp-image-13657\" src=\"https:\/\/archtechmallorca.com\/wp-content\/uploads\/2016\/03\/Captura-de-pantalla-2016-05-11-a-las-19.21.53.png\" alt=\"Captura de pantalla 2016-05-11 a las 19.21.53\" width=\"556\" height=\"793\" srcset=\"https:\/\/archtechmallorca.com\/wp-content\/uploads\/2016\/03\/Captura-de-pantalla-2016-05-11-a-las-19.21.53-210x300.png 210w, https:\/\/archtechmallorca.com\/wp-content\/uploads\/2016\/03\/Captura-de-pantalla-2016-05-11-a-las-19.21.53.png 556w\" sizes=\"(max-width: 556px) 100vw, 556px\" \/><\/p>\n<p>Actuaron artistas del calibro de Immaculate Fools, Radio Futura, Kid Creole and The Coconuts, Nacha Pop, Gu\u00eda del Ocio, Nina Hagen o el mismo Miguel Bos\u00e9. \u00a1Todo esto suced\u00eda en aquellos a\u00f1os dorados!<\/p>\n","protected":false},"excerpt":{"rendered":"<p>Hace 30 a\u00f1os el futuro sobrevino de repente, sin internet y sin m\u00f3viles, &#8216;s\u00f3lo&#8217; laberintos, pir\u00e1mides, decibelios y una torre en espiral con ca\u00f1ones l\u00e1ser &#8211; El 24 de julio de 1986 la macrodiscoteca Dhraa abr\u00eda sus puertas. Si eres uno de los pocos que no saben qu\u00e9 es, seguramente naciste despu\u00e9s de las Olimpiadas [&hellip;]<\/p>\n","protected":false},"author":5,"featured_media":15486,"comment_status":"open","ping_status":"closed","sticky":false,"template":"","format":"standard","meta":{"footnotes":""},"categories":[94],"tags":[],"acf":[],"yoast_head":"<!-- This site is optimized with the Yoast SEO plugin v18.9 - https:\/\/yoast.com\/wordpress\/plugins\/seo\/ -->\n<title>Bienvenidos a las ruinas del a\u00f1o 3000 - Archtech<\/title>\n<meta name=\"robots\" content=\"index, follow, max-snippet:-1, max-image-preview:large, max-video-preview:-1\" \/>\n<link rel=\"canonical\" href=\"https:\/\/archtechmallorca.com\/es\/2016\/03\/06\/jose\/\" \/>\n<meta property=\"og:locale\" content=\"es_ES\" \/>\n<meta property=\"og:type\" content=\"article\" \/>\n<meta property=\"og:title\" content=\"Bienvenidos a las ruinas del a\u00f1o 3000 - Archtech\" \/>\n<meta property=\"og:description\" content=\"Hace 30 a\u00f1os el futuro sobrevino de repente, sin internet y sin m\u00f3viles, &#8216;s\u00f3lo&#8217; laberintos, pir\u00e1mides, decibelios y una torre en espiral con ca\u00f1ones l\u00e1ser &#8211; El 24 de julio de 1986 la macrodiscoteca Dhraa abr\u00eda sus puertas. Si eres uno de los pocos que no saben qu\u00e9 es, seguramente naciste despu\u00e9s de las Olimpiadas [&hellip;]\" \/>\n<meta property=\"og:url\" content=\"https:\/\/archtechmallorca.com\/es\/2016\/03\/06\/jose\/\" \/>\n<meta property=\"og:site_name\" content=\"Archtech\" \/>\n<meta property=\"article:published_time\" content=\"2016-03-06T20:45:47+00:00\" \/>\n<meta property=\"article:modified_time\" content=\"2021-09-22T14:44:13+00:00\" \/>\n<meta property=\"og:image\" content=\"https:\/\/archtechmallorca.com\/wp-content\/uploads\/2016\/03\/Dhraa-cabecera5.jpg\" \/>\n\t<meta property=\"og:image:width\" content=\"760\" \/>\n\t<meta property=\"og:image:height\" content=\"237\" \/>\n\t<meta property=\"og:image:type\" content=\"image\/jpeg\" \/>\n<meta name=\"twitter:card\" content=\"summary\" \/>\n<meta name=\"twitter:label1\" content=\"Escrito por\" \/>\n\t<meta name=\"twitter:data1\" content=\"Archtech Mallorca\" \/>\n\t<meta name=\"twitter:label2\" content=\"Tiempo de lectura\" \/>\n\t<meta name=\"twitter:data2\" content=\"2 minutos\" \/>\n<script type=\"application\/ld+json\" class=\"yoast-schema-graph\">{\"@context\":\"https:\/\/schema.org\",\"@graph\":[{\"@type\":\"WebSite\",\"@id\":\"https:\/\/archtechmallorca.com\/#website\",\"url\":\"https:\/\/archtechmallorca.com\/\",\"name\":\"Archtech\",\"description\":\"ARCHITECTURE | ENGINEERING\",\"potentialAction\":[{\"@type\":\"SearchAction\",\"target\":{\"@type\":\"EntryPoint\",\"urlTemplate\":\"https:\/\/archtechmallorca.com\/?s={search_term_string}\"},\"query-input\":\"required name=search_term_string\"}],\"inLanguage\":\"es\"},{\"@type\":\"ImageObject\",\"inLanguage\":\"es\",\"@id\":\"https:\/\/archtechmallorca.com\/es\/2016\/03\/06\/jose\/#primaryimage\",\"url\":\"https:\/\/archtechmallorca.com\/wp-content\/uploads\/2016\/03\/Dhraa-cabecera5.jpg\",\"contentUrl\":\"https:\/\/archtechmallorca.com\/wp-content\/uploads\/2016\/03\/Dhraa-cabecera5.jpg\",\"width\":760,\"height\":237},{\"@type\":\"WebPage\",\"@id\":\"https:\/\/archtechmallorca.com\/es\/2016\/03\/06\/jose\/#webpage\",\"url\":\"https:\/\/archtechmallorca.com\/es\/2016\/03\/06\/jose\/\",\"name\":\"Bienvenidos a las ruinas del a\u00f1o 3000 - Archtech\",\"isPartOf\":{\"@id\":\"https:\/\/archtechmallorca.com\/#website\"},\"primaryImageOfPage\":{\"@id\":\"https:\/\/archtechmallorca.com\/es\/2016\/03\/06\/jose\/#primaryimage\"},\"datePublished\":\"2016-03-06T20:45:47+00:00\",\"dateModified\":\"2021-09-22T14:44:13+00:00\",\"author\":{\"@id\":\"https:\/\/archtechmallorca.com\/#\/schema\/person\/00ee40dcf569e201a7d93b5fe99b2864\"},\"breadcrumb\":{\"@id\":\"https:\/\/archtechmallorca.com\/es\/2016\/03\/06\/jose\/#breadcrumb\"},\"inLanguage\":\"es\",\"potentialAction\":[{\"@type\":\"ReadAction\",\"target\":[\"https:\/\/archtechmallorca.com\/es\/2016\/03\/06\/jose\/\"]}]},{\"@type\":\"BreadcrumbList\",\"@id\":\"https:\/\/archtechmallorca.com\/es\/2016\/03\/06\/jose\/#breadcrumb\",\"itemListElement\":[{\"@type\":\"ListItem\",\"position\":1,\"name\":\"Home\",\"item\":\"https:\/\/archtechmallorca.com\/es\/\"},{\"@type\":\"ListItem\",\"position\":2,\"name\":\"Bienvenidos a las ruinas del a\u00f1o 3000\"}]},{\"@type\":\"Person\",\"@id\":\"https:\/\/archtechmallorca.com\/#\/schema\/person\/00ee40dcf569e201a7d93b5fe99b2864\",\"name\":\"Archtech Mallorca\",\"image\":{\"@type\":\"ImageObject\",\"inLanguage\":\"es\",\"@id\":\"https:\/\/archtechmallorca.com\/#\/schema\/person\/image\/\",\"url\":\"https:\/\/secure.gravatar.com\/avatar\/53ae4b2d9d635e481fb351be884a95e5?s=96&d=mm&r=g\",\"contentUrl\":\"https:\/\/secure.gravatar.com\/avatar\/53ae4b2d9d635e481fb351be884a95e5?s=96&d=mm&r=g\",\"caption\":\"Archtech Mallorca\"}}]}<\/script>\n<!-- \/ Yoast SEO plugin. -->","yoast_head_json":{"title":"Bienvenidos a las ruinas del a\u00f1o 3000 - Archtech","robots":{"index":"index","follow":"follow","max-snippet":"max-snippet:-1","max-image-preview":"max-image-preview:large","max-video-preview":"max-video-preview:-1"},"canonical":"https:\/\/archtechmallorca.com\/es\/2016\/03\/06\/jose\/","og_locale":"es_ES","og_type":"article","og_title":"Bienvenidos a las ruinas del a\u00f1o 3000 - Archtech","og_description":"Hace 30 a\u00f1os el futuro sobrevino de repente, sin internet y sin m\u00f3viles, &#8216;s\u00f3lo&#8217; laberintos, pir\u00e1mides, decibelios y una torre en espiral con ca\u00f1ones l\u00e1ser &#8211; El 24 de julio de 1986 la macrodiscoteca Dhraa abr\u00eda sus puertas. Si eres uno de los pocos que no saben qu\u00e9 es, seguramente naciste despu\u00e9s de las Olimpiadas [&hellip;]","og_url":"https:\/\/archtechmallorca.com\/es\/2016\/03\/06\/jose\/","og_site_name":"Archtech","article_published_time":"2016-03-06T20:45:47+00:00","article_modified_time":"2021-09-22T14:44:13+00:00","og_image":[{"width":760,"height":237,"url":"https:\/\/archtechmallorca.com\/wp-content\/uploads\/2016\/03\/Dhraa-cabecera5.jpg","type":"image\/jpeg"}],"twitter_card":"summary","twitter_misc":{"Escrito por":"Archtech Mallorca","Tiempo de lectura":"2 minutos"},"schema":{"@context":"https:\/\/schema.org","@graph":[{"@type":"WebSite","@id":"https:\/\/archtechmallorca.com\/#website","url":"https:\/\/archtechmallorca.com\/","name":"Archtech","description":"ARCHITECTURE | ENGINEERING","potentialAction":[{"@type":"SearchAction","target":{"@type":"EntryPoint","urlTemplate":"https:\/\/archtechmallorca.com\/?s={search_term_string}"},"query-input":"required name=search_term_string"}],"inLanguage":"es"},{"@type":"ImageObject","inLanguage":"es","@id":"https:\/\/archtechmallorca.com\/es\/2016\/03\/06\/jose\/#primaryimage","url":"https:\/\/archtechmallorca.com\/wp-content\/uploads\/2016\/03\/Dhraa-cabecera5.jpg","contentUrl":"https:\/\/archtechmallorca.com\/wp-content\/uploads\/2016\/03\/Dhraa-cabecera5.jpg","width":760,"height":237},{"@type":"WebPage","@id":"https:\/\/archtechmallorca.com\/es\/2016\/03\/06\/jose\/#webpage","url":"https:\/\/archtechmallorca.com\/es\/2016\/03\/06\/jose\/","name":"Bienvenidos a las ruinas del a\u00f1o 3000 - Archtech","isPartOf":{"@id":"https:\/\/archtechmallorca.com\/#website"},"primaryImageOfPage":{"@id":"https:\/\/archtechmallorca.com\/es\/2016\/03\/06\/jose\/#primaryimage"},"datePublished":"2016-03-06T20:45:47+00:00","dateModified":"2021-09-22T14:44:13+00:00","author":{"@id":"https:\/\/archtechmallorca.com\/#\/schema\/person\/00ee40dcf569e201a7d93b5fe99b2864"},"breadcrumb":{"@id":"https:\/\/archtechmallorca.com\/es\/2016\/03\/06\/jose\/#breadcrumb"},"inLanguage":"es","potentialAction":[{"@type":"ReadAction","target":["https:\/\/archtechmallorca.com\/es\/2016\/03\/06\/jose\/"]}]},{"@type":"BreadcrumbList","@id":"https:\/\/archtechmallorca.com\/es\/2016\/03\/06\/jose\/#breadcrumb","itemListElement":[{"@type":"ListItem","position":1,"name":"Home","item":"https:\/\/archtechmallorca.com\/es\/"},{"@type":"ListItem","position":2,"name":"Bienvenidos a las ruinas del a\u00f1o 3000"}]},{"@type":"Person","@id":"https:\/\/archtechmallorca.com\/#\/schema\/person\/00ee40dcf569e201a7d93b5fe99b2864","name":"Archtech Mallorca","image":{"@type":"ImageObject","inLanguage":"es","@id":"https:\/\/archtechmallorca.com\/#\/schema\/person\/image\/","url":"https:\/\/secure.gravatar.com\/avatar\/53ae4b2d9d635e481fb351be884a95e5?s=96&d=mm&r=g","contentUrl":"https:\/\/secure.gravatar.com\/avatar\/53ae4b2d9d635e481fb351be884a95e5?s=96&d=mm&r=g","caption":"Archtech Mallorca"}}]}},"_links":{"self":[{"href":"https:\/\/archtechmallorca.com\/es\/wp-json\/wp\/v2\/posts\/12311"}],"collection":[{"href":"https:\/\/archtechmallorca.com\/es\/wp-json\/wp\/v2\/posts"}],"about":[{"href":"https:\/\/archtechmallorca.com\/es\/wp-json\/wp\/v2\/types\/post"}],"author":[{"embeddable":true,"href":"https:\/\/archtechmallorca.com\/es\/wp-json\/wp\/v2\/users\/5"}],"replies":[{"embeddable":true,"href":"https:\/\/archtechmallorca.com\/es\/wp-json\/wp\/v2\/comments?post=12311"}],"version-history":[{"count":5,"href":"https:\/\/archtechmallorca.com\/es\/wp-json\/wp\/v2\/posts\/12311\/revisions"}],"predecessor-version":[{"id":14557,"href":"https:\/\/archtechmallorca.com\/es\/wp-json\/wp\/v2\/posts\/12311\/revisions\/14557"}],"wp:featuredmedia":[{"embeddable":true,"href":"https:\/\/archtechmallorca.com\/es\/wp-json\/wp\/v2\/media\/15486"}],"wp:attachment":[{"href":"https:\/\/archtechmallorca.com\/es\/wp-json\/wp\/v2\/media?parent=12311"}],"wp:term":[{"taxonomy":"category","embeddable":true,"href":"https:\/\/archtechmallorca.com\/es\/wp-json\/wp\/v2\/categories?post=12311"},{"taxonomy":"post_tag","embeddable":true,"href":"https:\/\/archtechmallorca.com\/es\/wp-json\/wp\/v2\/tags?post=12311"}],"curies":[{"name":"wp","href":"https:\/\/api.w.org\/{rel}","templated":true}]}}